{"id":39026,"date":"2026-09-04T11:51:24","date_gmt":"2026-09-04T11:51:24","guid":{"rendered":"https:\/\/www.medienlb.com\/?p=39026"},"modified":"2026-09-04T12:01:32","modified_gmt":"2026-09-04T12:01:32","slug":"55510634-entstehung-und-bedeutung-von-sprache-und-schrift-deutsch-5-6","status":"publish","type":"post","link":"https:\/\/www.medienlb.com\/en\/55510634-entstehung-und-bedeutung-von-sprache-und-schrift-deutsch-5-6\/","title":{"rendered":"Entstehung und Bedeutung von Sprache und Schrift &#8211; Deutsch 5\/6"},"content":{"rendered":"<p>Noch bis Oktober l\u00e4uft die Abstimmung zum Jugendwort des Jahres 2026. Ein guter Anlass, sich mit einem Thema zu besch\u00e4ftigen, das uns jeden Tag begleitet und dennoch oft selbstverst\u00e4ndlich erscheint: Sprache und Schrift &#8211; oder genauer: Wie sind Sprache und Schrift entstanden? Oder auch: Wie bedingen sie einander?\u00a0Unsere neue interaktive Lerneinheit \u201eEntstehung und Bedeutung von Sprache und Schrift\u201c nimmt Sch\u00fclerinnen und Sch\u00fcler der Klassen 5 und 6 mit auf eine spannende Entdeckungsreise: von den ersten Formen der Verst\u00e4ndigung \u00fcber die Entwicklung von Sprache und Alphabeten &#8211; ja, es gibt mehrere &#8211; bis hin zu modernen Kommunikationsformen.<\/p>\n<p><!--more--><\/p>\n<p>Begriffe entstehen heute sehr schnell, verbreiten sich innerhalb k\u00fcrzester Zeit &#8211; beispielsweise \u00fcber soziale Netzwerke &#8211; und werden Teil der allt\u00e4glichen Kommunikation junger Menschen. Doch dieser Wandel ist keineswegs ein neues Ph\u00e4nomen. Sprache war schon immer in Bewegung. Und mit ihr entwickelte sich die Schrift als sichtbarer Ausdruck menschlicher Verst\u00e4ndigung.<\/p>\n<p>Lange bevor Jugendliche Begriffe wie \u201eCrashout\u201c, \u201ePeak\u201c oder \u201eRagebait\u201c verwendeten, kommunizierten unsere fr\u00fchen Vorfahren durch Gestik, Mimik, K\u00f6rperhaltung, Stampfen und Tanzen. Erst im Laufe der menschlichen Entwicklung entstanden bedeutungstragende Lautsysteme und schlie\u00dflich die gesprochene Sprache.<br \/>\nParallel dazu schufen Menschen mit H\u00f6hlenmalereien die ersten dauerhaft festgehaltenen Botschaften, aus denen sich \u00fcber Jahrtausende hinweg die Schrift entwickelte.<\/p>\n<p>In unserer interaktiven Lerneinheit begegnen die Lernenden historischen Handels- und Schriftsystemen, erforschen die Bedeutung von Sprache f\u00fcr Gesellschaft und Macht und schlagen den Bogen bis zur digitalen Kommunikation unserer Gegenwart \u2013 vom Stampfen bis zum Emoji.<\/p>\n<p>Abwechslungsreich gestaltete H5P-Aufgaben f\u00f6rdern selbstst\u00e4ndiges Lernen und zeigen, wie eng Sprache und Schrift miteinander verbunden sind. Die Sch\u00fclerinnen und Sch\u00fcler erkennen, dass Kommunikation weit mehr ist als Grammatik und Rechtschreibung \u2013 und dass ihre Entwicklung noch lange nicht abgeschlossen ist.<\/p>\n<p>\ud83d\udc49 Neugierig geworden? Besuchen Sie unsere Homepage und l\u00f6sen Sie direkt die erste Aufgabe. Wer einmal mit der Reise durch die Geschichte der Kommunikation beginnt, m\u00f6chte wissen, wie sie weitergeht.<\/p>\n","protected":false},"excerpt":{"rendered":"<p>Noch bis Oktober l\u00e4uft die Abstimmung zum Jugendwort des Jahres 2026. Ein guter Anlass, sich mit einem Thema zu besch\u00e4ftigen, das uns jeden Tag begleitet und dennoch oft selbstverst\u00e4ndlich erscheint: Sprache und Schrift &#8211; oder genauer: Wie sind Sprache und Schrift entstanden? Oder auch: Wie bedingen sie einander?\u00a0Unsere neue interaktive Lerneinheit \u201eEntstehung und Bedeutung von [&hellip;]<\/p>\n","protected":false},"author":8,"featured_media":39029,"comment_status":"closed","ping_status":"closed","sticky":false,"template":"","format":"standard","meta":{"_acf_changed":false,"footnotes":""},"categories":[172],"tags":[],"class_list":["post-39026","post","type-post","status-publish","format-standard","has-post-thumbnail","hentry","category-neuigkeiten"],"acf":[],"_links":{"self":[{"href":"https:\/\/www.medienlb.com\/en\/wp-json\/wp\/v2\/posts\/39026","targetHints":{"allow":["GET"]}}],"collection":[{"href":"https:\/\/www.medienlb.com\/en\/wp-json\/wp\/v2\/posts"}],"about":[{"href":"https:\/\/www.medienlb.com\/en\/wp-json\/wp\/v2\/types\/post"}],"author":[{"embeddable":true,"href":"https:\/\/www.medienlb.com\/en\/wp-json\/wp\/v2\/users\/8"}],"replies":[{"embeddable":true,"href":"https:\/\/www.medienlb.com\/en\/wp-json\/wp\/v2\/comments?post=39026"}],"version-history":[{"count":4,"href":"https:\/\/www.medienlb.com\/en\/wp-json\/wp\/v2\/posts\/39026\/revisions"}],"predecessor-version":[{"id":39042,"href":"https:\/\/www.medienlb.com\/en\/wp-json\/wp\/v2\/posts\/39026\/revisions\/39042"}],"wp:featuredmedia":[{"embeddable":true,"href":"https:\/\/www.medienlb.com\/en\/wp-json\/wp\/v2\/media\/39029"}],"wp:attachment":[{"href":"https:\/\/www.medienlb.com\/en\/wp-json\/wp\/v2\/media?parent=39026"}],"wp:term":[{"taxonomy":"category","embeddable":true,"href":"https:\/\/www.medienlb.com\/en\/wp-json\/wp\/v2\/categories?post=39026"},{"taxonomy":"post_tag","embeddable":true,"href":"https:\/\/www.medienlb.com\/en\/wp-json\/wp\/v2\/tags?post=39026"}],"curies":[{"name":"wp","href":"https:\/\/api.w.org\/{rel}","templated":true}]}}