{"id":38991,"date":"2026-09-02T06:35:51","date_gmt":"2026-09-02T06:35:51","guid":{"rendered":"https:\/\/www.medienlb.com\/?p=38991"},"modified":"2026-09-02T06:35:51","modified_gmt":"2026-09-02T06:35:51","slug":"premierenveranstaltung-farbkunst-und-farblehre","status":"publish","type":"post","link":"https:\/\/www.medienlb.com\/en\/premierenveranstaltung-farbkunst-und-farblehre\/","title":{"rendered":"Premierenveranstaltung &#8220;Farbkunst und Farblehre&#8221;"},"content":{"rendered":"<p>Im Giesinger Bahnhof fand gestern Abend die Premiere des Films \u201eFarbkunst und Farblehre\u201c statt. Die Veranstaltung bot den Besucherinnen und Besuchern die Gelegenheit, sich in besonderer Atmosph\u00e4re mit den vielf\u00e4ltigen Facetten von Farbe in Kunst, Gestaltung und Wahrnehmung auseinanderzusetzen.\u00a0 <!--more-->Werke des im Film portr\u00e4tierten K\u00fcnstlers waren vor Ort zu sehen und verliehen dem Abend einen authentischen und eindrucksvollen Rahmen. Dar\u00fcber hinaus war Martin Minde pers\u00f6nlich anwesend und stand dem Publikum f\u00fcr Gespr\u00e4che und Fragen zur Verf\u00fcgung. Seine Einblicke in die Entstehung des Films sowie die Hintergr\u00fcnde der behandelten Themen stie\u00dfen auf gro\u00dfes Interesse. Die gelungene Verbindung aus Filmvorf\u00fchrung, Kunsterlebnis und pers\u00f6nlichem Austausch machte die Premiere zu einem ebenso anregenden wie unterhaltsamen Abend, der von den G\u00e4sten mit viel Applaus und positiven R\u00fcckmeldungen aufgenommen wurde.<\/p>\n","protected":false},"excerpt":{"rendered":"<p>Im Giesinger Bahnhof fand gestern Abend die Premiere des Films \u201eFarbkunst und Farblehre\u201c statt. Die Veranstaltung bot den Besucherinnen und Besuchern die Gelegenheit, sich in besonderer Atmosph\u00e4re mit den vielf\u00e4ltigen Facetten von Farbe in Kunst, Gestaltung und Wahrnehmung auseinanderzusetzen.\u00a0<\/p>\n","protected":false},"author":2,"featured_media":38992,"comment_status":"closed","ping_status":"closed","sticky":false,"template":"","format":"standard","meta":{"_acf_changed":false,"footnotes":""},"categories":[172,171],"tags":[],"class_list":["post-38991","post","type-post","status-publish","format-standard","has-post-thumbnail","hentry","category-neuigkeiten","category-schulfilm"],"acf":[],"_links":{"self":[{"href":"https:\/\/www.medienlb.com\/en\/wp-json\/wp\/v2\/posts\/38991","targetHints":{"allow":["GET"]}}],"collection":[{"href":"https:\/\/www.medienlb.com\/en\/wp-json\/wp\/v2\/posts"}],"about":[{"href":"https:\/\/www.medienlb.com\/en\/wp-json\/wp\/v2\/types\/post"}],"author":[{"embeddable":true,"href":"https:\/\/www.medienlb.com\/en\/wp-json\/wp\/v2\/users\/2"}],"replies":[{"embeddable":true,"href":"https:\/\/www.medienlb.com\/en\/wp-json\/wp\/v2\/comments?post=38991"}],"version-history":[{"count":1,"href":"https:\/\/www.medienlb.com\/en\/wp-json\/wp\/v2\/posts\/38991\/revisions"}],"predecessor-version":[{"id":38996,"href":"https:\/\/www.medienlb.com\/en\/wp-json\/wp\/v2\/posts\/38991\/revisions\/38996"}],"wp:featuredmedia":[{"embeddable":true,"href":"https:\/\/www.medienlb.com\/en\/wp-json\/wp\/v2\/media\/38992"}],"wp:attachment":[{"href":"https:\/\/www.medienlb.com\/en\/wp-json\/wp\/v2\/media?parent=38991"}],"wp:term":[{"taxonomy":"category","embeddable":true,"href":"https:\/\/www.medienlb.com\/en\/wp-json\/wp\/v2\/categories?post=38991"},{"taxonomy":"post_tag","embeddable":true,"href":"https:\/\/www.medienlb.com\/en\/wp-json\/wp\/v2\/tags?post=38991"}],"curies":[{"name":"wp","href":"https:\/\/api.w.org\/{rel}","templated":true}]}}