{"id":37748,"date":"2026-04-29T12:33:35","date_gmt":"2026-04-29T12:33:35","guid":{"rendered":"https:\/\/www.medienlb.com\/?p=37748"},"modified":"2026-04-29T12:44:12","modified_gmt":"2026-04-29T12:44:12","slug":"zwei-neue-kamishibai-zwei-reisen-jan-brueghel-d-ae-grosser-blumenstrauss-paul-klee-der-vollmond","status":"publish","type":"post","link":"https:\/\/www.medienlb.com\/en\/zwei-neue-kamishibai-zwei-reisen-jan-brueghel-d-ae-grosser-blumenstrauss-paul-klee-der-vollmond\/","title":{"rendered":"Zwei neue Kamishibai. Zwei Reisen \u2013 Jan Brueghel d.\u00c4.: Gro\u00dfer Blumenstrau\u00df Paul Klee: Der Vollmond"},"content":{"rendered":"<p>Mit gro\u00dfer Freude stellen wir Ihnen zwei neue Kamishibais vor, die Kinder auf ganz unterschiedliche, aber gleicherma\u00dfen eindrucksvolle Weise zum Staunen, Zuh\u00f6ren und Entdecken einladen.<br \/>\nGemeinsam mit den M\u00fcnchner Pinakotheken wurden zwei Kamishibais entwickelt, die Grund- und Vorschulkinder mit sch\u00f6nen Geschichten auf eine Reise in die Welt der Kunst mitnehmen.<\/p>\n<p>In \u201e<a href=\"https:\/\/www.medienlb.com\/produkt\/72501101-kamishibai-der-mond-wacht-ueber-dich\/\">Der Mond wacht \u00fcber dich<\/a>\u201c entfaltet sich eine ruhige, poetische Nachtgeschichte, inspiriert von Paul Klees Bild \u201eDer Vollmond\u201c. Sanfte Worte, klare Bilder und wiederkehrende Motive vermitteln Geborgenheit und laden zum Innehalten ein. Der Mond scheint \u00fcber der Stadt, w\u00e4hrend V\u00f6gel schlafen, Lichter in Fenstern leuchten und die Welt zur Ruhe kommt. Dieses Kamishibai eignet sich besonders f\u00fcr Abendrunden, \u00dcberg\u00e4nge und stille Momente \u2013 in Krippe, Kita und Grundschule ebenso wie in der museumsp\u00e4dagogischen Arbeit. <!--more--><br \/>\n<img loading=\"lazy\" decoding=\"async\" class=\"alignleft\" src=\"https:\/\/www.medienlb.com\/wp-content\/uploads\/2026\/04\/PdM_Logo_RZ_RGB_gr-scaled.jpg\" alt=\"Logo Pinakothek der Moderne\" width=\"244\" height=\"110\" \/><\/p>\n<p>Ganz anders, aber ebenso bildreich geht es im Kamishibai \u201e<a href=\"https:\/\/www.medienlb.com\/produkt\/72501100-kamishibai-der-feuerkaefer\/\">Der Feuerk\u00e4fer<\/a>\u201c zu. Feuerk\u00e4fer Ferdinand nimmt die Kinder mit auf eine lebendige Entdeckungsreise durch einen pr\u00e4chtigen Blumenstrau\u00df nach einem Gem\u00e4lde von Jan Brueghel d. \u00c4. Auf der Suche nach seiner Freundin, der Raupe, begegnet er Insekten, Pflanzen und Bl\u00fcten aus allen Jahreszeiten. Spielend verbindet die Geschichte Erz\u00e4hllust, Naturwissen und Kunstbetrachtung \u2013 und l\u00e4dt die Kinder zum Mitfiebern, Mitsuchen und Mitdenken ein.<br \/>\nBeide Kamishibais zeigen, wie aus Kunst lebendige Geschichten werden k\u00f6nnen: poetisch, dialogisch und nah an der kindlichen Wahrnehmung. Entdecken Sie jetzt diese neuen Zug\u00e4nge zu Sprache, Bild und Fantasie \u2013 f\u00fcr lebendige Erz\u00e4hlmomente im Kamishibai.<br \/>\n<img loading=\"lazy\" decoding=\"async\" class=\"\" src=\"https:\/\/www.medienlb.com\/wp-content\/uploads\/2026\/04\/KAMISHIBAI_A__BSTGS_AP_Logo_sRGB-scaled.jpg\" alt=\"Logo Pinakothek\" width=\"256\" height=\"77\" \/><\/p>\n","protected":false},"excerpt":{"rendered":"<p>Mit gro\u00dfer Freude stellen wir Ihnen zwei neue Kamishibais vor, die Kinder auf ganz unterschiedliche, aber gleicherma\u00dfen eindrucksvolle Weise zum Staunen, Zuh\u00f6ren und Entdecken einladen. Gemeinsam mit den M\u00fcnchner Pinakotheken wurden zwei Kamishibais entwickelt, die Grund- und Vorschulkinder mit sch\u00f6nen Geschichten auf eine Reise in die Welt der Kunst mitnehmen. In \u201eDer Mond wacht \u00fcber [&hellip;]<\/p>\n","protected":false},"author":2,"featured_media":37749,"comment_status":"closed","ping_status":"closed","sticky":false,"template":"","format":"standard","meta":{"_acf_changed":false,"footnotes":""},"categories":[172],"tags":[],"class_list":["post-37748","post","type-post","status-publish","format-standard","has-post-thumbnail","hentry","category-neuigkeiten"],"acf":[],"_links":{"self":[{"href":"https:\/\/www.medienlb.com\/en\/wp-json\/wp\/v2\/posts\/37748","targetHints":{"allow":["GET"]}}],"collection":[{"href":"https:\/\/www.medienlb.com\/en\/wp-json\/wp\/v2\/posts"}],"about":[{"href":"https:\/\/www.medienlb.com\/en\/wp-json\/wp\/v2\/types\/post"}],"author":[{"embeddable":true,"href":"https:\/\/www.medienlb.com\/en\/wp-json\/wp\/v2\/users\/2"}],"replies":[{"embeddable":true,"href":"https:\/\/www.medienlb.com\/en\/wp-json\/wp\/v2\/comments?post=37748"}],"version-history":[{"count":3,"href":"https:\/\/www.medienlb.com\/en\/wp-json\/wp\/v2\/posts\/37748\/revisions"}],"predecessor-version":[{"id":37759,"href":"https:\/\/www.medienlb.com\/en\/wp-json\/wp\/v2\/posts\/37748\/revisions\/37759"}],"wp:featuredmedia":[{"embeddable":true,"href":"https:\/\/www.medienlb.com\/en\/wp-json\/wp\/v2\/media\/37749"}],"wp:attachment":[{"href":"https:\/\/www.medienlb.com\/en\/wp-json\/wp\/v2\/media?parent=37748"}],"wp:term":[{"taxonomy":"category","embeddable":true,"href":"https:\/\/www.medienlb.com\/en\/wp-json\/wp\/v2\/categories?post=37748"},{"taxonomy":"post_tag","embeddable":true,"href":"https:\/\/www.medienlb.com\/en\/wp-json\/wp\/v2\/tags?post=37748"}],"curies":[{"name":"wp","href":"https:\/\/api.w.org\/{rel}","templated":true}]}}