{"id":37649,"date":"2026-04-27T06:47:58","date_gmt":"2026-04-27T06:47:58","guid":{"rendered":"https:\/\/www.medienlb.com\/?p=37649"},"modified":"2026-04-27T06:47:58","modified_gmt":"2026-04-27T06:47:58","slug":"%f0%9f%8e%ac-europaeischer-wels-aussehen-verbreitung-lebensweise","status":"publish","type":"post","link":"https:\/\/www.medienlb.com\/en\/%f0%9f%8e%ac-europaeischer-wels-aussehen-verbreitung-lebensweise\/","title":{"rendered":"\ud83c\udfac Europ\u00e4ischer Wels &#8211; Aussehen, Verbreitung, Lebensweise"},"content":{"rendered":"<p>H\u00e4tten Sie es gewusst? Der Europ\u00e4ische Wels (Silurus glanis) ist mit bis zu drei Metern L\u00e4nge der gr\u00f6\u00dfte S\u00fc\u00dfwasserfisch Europas. Auch in unseren heimischen Gew\u00e4ssern findet man diesen Meister der Anpassung.\u00a0Unser neuer Film nimmt Sie mit in die Unterwasserwelt.<\/p>\n<p><!--more--><\/p>\n<p>Eindrucksvolle Aufnahmen zeigen, wie der Wels jagt, sich fortpflanzt und welche Rolle er im \u00d6kosystem erf\u00fcllt. Dabei wird deutlich, wie perfekt seine Sinne auf das Leben in den dunklen, tr\u00fcben Gew\u00e4ssern abgestimmt sind. Beschrieben werden beispielsweise seine eindrucksvollen Tastorgane, die Barteln, und seine F\u00e4higkeit extrem gut zu h\u00f6ren. Auch geh\u00f6rt der Wels zu den wenigen m\u00e4nnlichen Vertretern im Tierreich, die sich um ihren Nachwuchs k\u00fcmmern.<\/p>\n<p>Der Film vermittelt nicht nur biologisches Wissen, sondern regt auch zum Nachdenken \u00fcber Artenvielfalt und Nachhaltigkeit, Chancen und Konflikte, die die Ausbreitung des Wels mit sich bringt, an.<\/p>\n<p>Lehrplanzentriert und an den Bildungsstandards orientiert, bietet das umfangreiche Begleitmaterial mit den Arbeitsbl\u00e4ttern und interaktiven Aufgaben eine ideale Grundlage f\u00fcr den Unterricht in Biologie und die Umweltbildung in der Grundschule und Sekundarstufe 1.<\/p>\n<p>Die Sch\u00fclerinnen und Sch\u00fcler<br \/>\n\ud83d\udccc erl\u00e4utern die Angepasstheit von Arten an einen Umweltfaktor.<br \/>\n\ud83d\udccc stellen den Wert von Artenvielfalt an einem Beispiel dar und entwickeln nachhaltige Ma\u00dfnahmen zu deren Erhalt.<br \/>\n\ud83d\udccc k\u00f6nnen Tiere und Pflanzen eines Lebensraums exemplarisch beschreiben, benennen und unterscheiden.<br \/>\n\ud83d\udccc die Angepasstheit von Tieren und Pflanzen an ihren jeweiligen Lebensraum zu unterschiedlichen jahreszeitlichen Bedingungen beschreiben.<\/p>\n","protected":false},"excerpt":{"rendered":"<p>H\u00e4tten Sie es gewusst? Der Europ\u00e4ische Wels (Silurus glanis) ist mit bis zu drei Metern L\u00e4nge der gr\u00f6\u00dfte S\u00fc\u00dfwasserfisch Europas. Auch in unseren heimischen Gew\u00e4ssern findet man diesen Meister der Anpassung.\u00a0Unser neuer Film nimmt Sie mit in die Unterwasserwelt.<\/p>\n","protected":false},"author":8,"featured_media":37650,"comment_status":"closed","ping_status":"closed","sticky":false,"template":"","format":"standard","meta":{"_acf_changed":false,"footnotes":""},"categories":[172],"tags":[],"class_list":["post-37649","post","type-post","status-publish","format-standard","has-post-thumbnail","hentry","category-neuigkeiten"],"acf":[],"_links":{"self":[{"href":"https:\/\/www.medienlb.com\/en\/wp-json\/wp\/v2\/posts\/37649","targetHints":{"allow":["GET"]}}],"collection":[{"href":"https:\/\/www.medienlb.com\/en\/wp-json\/wp\/v2\/posts"}],"about":[{"href":"https:\/\/www.medienlb.com\/en\/wp-json\/wp\/v2\/types\/post"}],"author":[{"embeddable":true,"href":"https:\/\/www.medienlb.com\/en\/wp-json\/wp\/v2\/users\/8"}],"replies":[{"embeddable":true,"href":"https:\/\/www.medienlb.com\/en\/wp-json\/wp\/v2\/comments?post=37649"}],"version-history":[{"count":1,"href":"https:\/\/www.medienlb.com\/en\/wp-json\/wp\/v2\/posts\/37649\/revisions"}],"predecessor-version":[{"id":37654,"href":"https:\/\/www.medienlb.com\/en\/wp-json\/wp\/v2\/posts\/37649\/revisions\/37654"}],"wp:featuredmedia":[{"embeddable":true,"href":"https:\/\/www.medienlb.com\/en\/wp-json\/wp\/v2\/media\/37650"}],"wp:attachment":[{"href":"https:\/\/www.medienlb.com\/en\/wp-json\/wp\/v2\/media?parent=37649"}],"wp:term":[{"taxonomy":"category","embeddable":true,"href":"https:\/\/www.medienlb.com\/en\/wp-json\/wp\/v2\/categories?post=37649"},{"taxonomy":"post_tag","embeddable":true,"href":"https:\/\/www.medienlb.com\/en\/wp-json\/wp\/v2\/tags?post=37649"}],"curies":[{"name":"wp","href":"https:\/\/api.w.org\/{rel}","templated":true}]}}