{"id":36314,"date":"2026-01-21T09:59:39","date_gmt":"2026-01-21T09:59:39","guid":{"rendered":"https:\/\/www.medienlb.com\/?p=36314"},"modified":"2026-01-21T09:59:39","modified_gmt":"2026-01-21T09:59:39","slug":"erster-film-2026-buntspecht-aussehen-verbreitung-lebensweise","status":"publish","type":"post","link":"https:\/\/www.medienlb.com\/en\/erster-film-2026-buntspecht-aussehen-verbreitung-lebensweise\/","title":{"rendered":"Erster Film 2026: &#8220;Buntspecht &#8211; Aussehen, Verbreitung, Lebensweise&#8221;"},"content":{"rendered":"<p>Das Neue Jahr hat angeklopft und ist angekommen &#8211; im Wald klopft der Buntspecht und der Film ist ebenfalls angekommen.<br \/>\nWir pr\u00e4sentieren stolz unseren ersten Film des Jahres 2026 \u2013 und starten damit mit einem echten Highlight in das neue Medienjahr. Der farbenfrohe Vogel, der in heimischen W\u00e4ldern, Parks und G\u00e4rten lebt, begeistert nicht nur durch sein markantes schwarz\u2011wei\u00dfes Gefieder und den roten Bauch, sondern auch durch seine beeindruckenden F\u00e4higkeiten. Der Film zeigt anschaulich, wie der Buntspecht mit seinem kr\u00e4ftigen Schnabel trommelt, H\u00f6hlen baut und sich perfekt an seinen Lebensraum angepasst hat. <!--more--><br \/>\nDie Produktion richtet sich an die Grundschule und vermittelt biologisches Grundwissen auf verst\u00e4ndliche, kindgerechte Weise. Sch\u00fclerinnen und Sch\u00fcler lernen, Tiere eines Lebensraums zu erkennen, zu unterscheiden und ihre Besonderheiten zu beschreiben. Gleichzeitig er\u00f6ffnet der Film einen spannenden Zugang zum \u00d6kosystem Wald und sensibilisiert f\u00fcr die Bedeutung von Artenvielfalt und Naturschutz.<br \/>\nBegleitend stehen umfangreiche Materialien zur Verf\u00fcgung: Arbeitsbl\u00e4tter, Testaufgaben und interaktive \u00dcbungen unterst\u00fctzen eine abwechslungsreiche Unterrichtsgestaltung und erleichtern die direkte Anwendung des Gelernten.<br \/>\nMit Buntspecht setzen wir 2026 ein erstes starkes Zeichen: praxisnah, lehrplanzentral und voller Begeisterung f\u00fcr die Natur. Ein idealer Einstieg in ein neues Jahr voller inspirierender Lernmomente.<\/p>\n","protected":false},"excerpt":{"rendered":"<p>Das Neue Jahr hat angeklopft und ist angekommen &#8211; im Wald klopft der Buntspecht und der Film ist ebenfalls angekommen. Wir pr\u00e4sentieren stolz unseren ersten Film des Jahres 2026 \u2013 und starten damit mit einem echten Highlight in das neue Medienjahr. Der farbenfrohe Vogel, der in heimischen W\u00e4ldern, Parks und G\u00e4rten lebt, begeistert nicht nur [&hellip;]<\/p>\n","protected":false},"author":2,"featured_media":36315,"comment_status":"closed","ping_status":"closed","sticky":false,"template":"","format":"standard","meta":{"_acf_changed":false,"footnotes":""},"categories":[1],"tags":[],"class_list":["post-36314","post","type-post","status-publish","format-standard","has-post-thumbnail","hentry","category-unkategorisiert"],"acf":[],"_links":{"self":[{"href":"https:\/\/www.medienlb.com\/en\/wp-json\/wp\/v2\/posts\/36314","targetHints":{"allow":["GET"]}}],"collection":[{"href":"https:\/\/www.medienlb.com\/en\/wp-json\/wp\/v2\/posts"}],"about":[{"href":"https:\/\/www.medienlb.com\/en\/wp-json\/wp\/v2\/types\/post"}],"author":[{"embeddable":true,"href":"https:\/\/www.medienlb.com\/en\/wp-json\/wp\/v2\/users\/2"}],"replies":[{"embeddable":true,"href":"https:\/\/www.medienlb.com\/en\/wp-json\/wp\/v2\/comments?post=36314"}],"version-history":[{"count":1,"href":"https:\/\/www.medienlb.com\/en\/wp-json\/wp\/v2\/posts\/36314\/revisions"}],"predecessor-version":[{"id":36319,"href":"https:\/\/www.medienlb.com\/en\/wp-json\/wp\/v2\/posts\/36314\/revisions\/36319"}],"wp:featuredmedia":[{"embeddable":true,"href":"https:\/\/www.medienlb.com\/en\/wp-json\/wp\/v2\/media\/36315"}],"wp:attachment":[{"href":"https:\/\/www.medienlb.com\/en\/wp-json\/wp\/v2\/media?parent=36314"}],"wp:term":[{"taxonomy":"category","embeddable":true,"href":"https:\/\/www.medienlb.com\/en\/wp-json\/wp\/v2\/categories?post=36314"},{"taxonomy":"post_tag","embeddable":true,"href":"https:\/\/www.medienlb.com\/en\/wp-json\/wp\/v2\/tags?post=36314"}],"curies":[{"name":"wp","href":"https:\/\/api.w.org\/{rel}","templated":true}]}}