{"id":25046,"date":"2024-06-14T07:29:38","date_gmt":"2024-06-14T07:29:38","guid":{"rendered":"https:\/\/www.medienlb.com\/?p=25046"},"modified":"2024-06-14T09:09:36","modified_gmt":"2024-06-14T09:09:36","slug":"comenius-verleihung-2025-medaillen-und-siegel","status":"publish","type":"post","link":"https:\/\/www.medienlb.com\/en\/comenius-verleihung-2025-medaillen-und-siegel\/","title":{"rendered":"Comenius-Verleihung 2024 &#8211; Medaillen und Siegel"},"content":{"rendered":"<p>Zum 29. Mal zeichnete die Gesellschaft f\u00fcr P\u00e4dagogik, Information und Medien e.V. (GPI) besondere digitale Bildungsmedien mit Siegeln und Medaillen aus.\u00a0 150 Einreichungen wurden get\u00e4tigt. Die Spannung, wer welche und wie viele Auszeichnungen w\u00fcrde mit nach Hause nehmen d\u00fcrfen lag in der Luft.<\/p>\n<p>Das Team der MedienLB freute sich, gleich vier Mal die B\u00fchne zu betreten und insgesamt drei Siegel und eine Medaille entgegenzunehmen.<!--more--><\/p>\n<p>***<\/p>\n<p>Das Comenius-Siegel\u00a0ging an die Filme:<\/p>\n<div><a href=\"https:\/\/www.medienlb.com\/produkt\/was-ist-ein-lasercutter\/\">Was ist ein Lasercutter? &#8211; Verwendung, Technik und Materialien <\/a>(46505028)<\/div>\n<div><a href=\"https:\/\/www.medienlb.com\/produkt\/becky-und-holgi-im-zahnland\/\">Becky und Holgi im Zahnland<\/a> (46505467)<br \/>\n<a href=\"https:\/\/www.medienlb.com\/produkt\/eichendorffs-marmorbild\/\">Eichendorffs Marmorbild &#8211; Entstehung, Epoche, Rezeption<\/a> (46505330)<\/div>\n<div><\/div>\n<div>***<\/div>\n<div><\/div>\n<div>\n<p>Die Comenius-Medaille und einen besonderen Applaus\u00a0 bekam der Film <a href=\"https:\/\/www.medienlb.com\/produkt\/albrecht-duerer\/\">&#8220;Albrecht D\u00fcrer &#8211; Maler, Mathematiker, Gelehrter&#8221;<\/a>\u00a0 (46505060).<br \/>\nHervorgehoben von der Jury wurden das Gesamtpaket aus informativem Film, den Arbeitsbl\u00e4ttern im offenen PDF-Format und &#8211; dies fand besonderen Anklang &#8211; die in H5P abwechslungsreich gestalteten interaktiven Lerneinheiten<\/p>\n<\/div>\n<div>Das Team bedankt sich herzlich bei Ihnen als unsere Kundinnen und Kunden. Sie verhelfen uns mit Ihrer Begeisterung, Treue und intensivem Dialog zu der Motivation, die es braucht, um neue Ideen zu entwickeln und Projekte an den Start zu bringen.<\/div>\n","protected":false},"excerpt":{"rendered":"<p>Zum 29. Mal zeichnete die Gesellschaft f\u00fcr P\u00e4dagogik, Information und Medien e.V. (GPI) besondere digitale Bildungsmedien mit Siegeln und Medaillen aus.\u00a0 150 Einreichungen wurden get\u00e4tigt. Die Spannung, wer welche und wie viele Auszeichnungen w\u00fcrde mit nach Hause nehmen d\u00fcrfen lag in der Luft. Das Team der MedienLB freute sich, gleich vier Mal die B\u00fchne zu [&hellip;]<\/p>\n","protected":false},"author":8,"featured_media":25053,"comment_status":"closed","ping_status":"closed","sticky":false,"template":"","format":"standard","meta":{"_acf_changed":false,"footnotes":""},"categories":[172],"tags":[],"class_list":["post-25046","post","type-post","status-publish","format-standard","has-post-thumbnail","hentry","category-neuigkeiten"],"acf":[],"_links":{"self":[{"href":"https:\/\/www.medienlb.com\/en\/wp-json\/wp\/v2\/posts\/25046","targetHints":{"allow":["GET"]}}],"collection":[{"href":"https:\/\/www.medienlb.com\/en\/wp-json\/wp\/v2\/posts"}],"about":[{"href":"https:\/\/www.medienlb.com\/en\/wp-json\/wp\/v2\/types\/post"}],"author":[{"embeddable":true,"href":"https:\/\/www.medienlb.com\/en\/wp-json\/wp\/v2\/users\/8"}],"replies":[{"embeddable":true,"href":"https:\/\/www.medienlb.com\/en\/wp-json\/wp\/v2\/comments?post=25046"}],"version-history":[{"count":17,"href":"https:\/\/www.medienlb.com\/en\/wp-json\/wp\/v2\/posts\/25046\/revisions"}],"predecessor-version":[{"id":25072,"href":"https:\/\/www.medienlb.com\/en\/wp-json\/wp\/v2\/posts\/25046\/revisions\/25072"}],"wp:featuredmedia":[{"embeddable":true,"href":"https:\/\/www.medienlb.com\/en\/wp-json\/wp\/v2\/media\/25053"}],"wp:attachment":[{"href":"https:\/\/www.medienlb.com\/en\/wp-json\/wp\/v2\/media?parent=25046"}],"wp:term":[{"taxonomy":"category","embeddable":true,"href":"https:\/\/www.medienlb.com\/en\/wp-json\/wp\/v2\/categories?post=25046"},{"taxonomy":"post_tag","embeddable":true,"href":"https:\/\/www.medienlb.com\/en\/wp-json\/wp\/v2\/tags?post=25046"}],"curies":[{"name":"wp","href":"https:\/\/api.w.org\/{rel}","templated":true}]}}