{"id":24684,"date":"2024-05-22T11:00:42","date_gmt":"2024-05-22T11:00:42","guid":{"rendered":"https:\/\/www.medienlb.com\/?p=24684"},"modified":"2024-05-22T13:49:29","modified_gmt":"2024-05-22T13:49:29","slug":"neuer-film-oekosystemmanagement-schutz-und-staerkung-von-oekosystemen","status":"publish","type":"post","link":"https:\/\/www.medienlb.com\/en\/neuer-film-oekosystemmanagement-schutz-und-staerkung-von-oekosystemen\/","title":{"rendered":"Neuer Film: \u00d6kosystemmanagement &#8211; Schutz und St\u00e4rkung von \u00d6kosystemen"},"content":{"rendered":"<p>Die Aufrechterhaltung der \u00d6kosysteme hat im Bereich des Umwelt- und Klimaschutzes h\u00f6chste Priorit\u00e4t. Das im Gleichgewichthalten der Symbiose von Organismen, Pflanzen und Tieren bildet die Grundlage einer gesunden Lebenswelt sowohl f\u00fcr die Natur als auch den Menschen.<\/p>\n<p><!--more--><\/p>\n<p>Die wachsende Weltbev\u00f6lkerung, die stetige Globalisierung des Handels oder neue Technologien stellen uns bei diesem Balanceakt vor eine gro\u00dfe Herausforderung. Dasselbe gilt auch f\u00fcr das Tragen der Konsequenzen beispielsweise der bisherigen Energiepolitik.<\/p>\n<p>Wissenschaftliche Konzepte zu \u00d6kosystemmanagementsystemen sind ein Versuch, das Ungleichgewicht der \u00d6kosysteme zu definieren und L\u00f6sungsans\u00e4tze zu bieten.\u00a0Der Film zeigt M\u00f6glichkeiten auf und regt gleichzeitig zum Reflektieren und Handeln an.<\/p>\n","protected":false},"excerpt":{"rendered":"<p>Die Aufrechterhaltung der \u00d6kosysteme hat im Bereich des Umwelt- und Klimaschutzes h\u00f6chste Priorit\u00e4t. Das im Gleichgewichthalten der Symbiose von Organismen, Pflanzen und Tieren bildet die Grundlage einer gesunden Lebenswelt sowohl f\u00fcr die Natur als auch den Menschen.<\/p>\n","protected":false},"author":8,"featured_media":24687,"comment_status":"closed","ping_status":"closed","sticky":false,"template":"","format":"standard","meta":{"_acf_changed":false,"footnotes":""},"categories":[171],"tags":[],"class_list":["post-24684","post","type-post","status-publish","format-standard","has-post-thumbnail","hentry","category-schulfilm"],"acf":[],"_links":{"self":[{"href":"https:\/\/www.medienlb.com\/en\/wp-json\/wp\/v2\/posts\/24684","targetHints":{"allow":["GET"]}}],"collection":[{"href":"https:\/\/www.medienlb.com\/en\/wp-json\/wp\/v2\/posts"}],"about":[{"href":"https:\/\/www.medienlb.com\/en\/wp-json\/wp\/v2\/types\/post"}],"author":[{"embeddable":true,"href":"https:\/\/www.medienlb.com\/en\/wp-json\/wp\/v2\/users\/8"}],"replies":[{"embeddable":true,"href":"https:\/\/www.medienlb.com\/en\/wp-json\/wp\/v2\/comments?post=24684"}],"version-history":[{"count":10,"href":"https:\/\/www.medienlb.com\/en\/wp-json\/wp\/v2\/posts\/24684\/revisions"}],"predecessor-version":[{"id":24699,"href":"https:\/\/www.medienlb.com\/en\/wp-json\/wp\/v2\/posts\/24684\/revisions\/24699"}],"wp:featuredmedia":[{"embeddable":true,"href":"https:\/\/www.medienlb.com\/en\/wp-json\/wp\/v2\/media\/24687"}],"wp:attachment":[{"href":"https:\/\/www.medienlb.com\/en\/wp-json\/wp\/v2\/media?parent=24684"}],"wp:term":[{"taxonomy":"category","embeddable":true,"href":"https:\/\/www.medienlb.com\/en\/wp-json\/wp\/v2\/categories?post=24684"},{"taxonomy":"post_tag","embeddable":true,"href":"https:\/\/www.medienlb.com\/en\/wp-json\/wp\/v2\/tags?post=24684"}],"curies":[{"name":"wp","href":"https:\/\/api.w.org\/{rel}","templated":true}]}}