{"id":21980,"date":"2024-02-13T09:13:26","date_gmt":"2024-02-13T09:13:26","guid":{"rendered":"https:\/\/www.medienlb.com\/?p=21980"},"modified":"2024-02-14T10:50:59","modified_gmt":"2024-02-14T10:50:59","slug":"neuer-film-frosch-und-kroete","status":"publish","type":"post","link":"https:\/\/www.medienlb.com\/en\/neuer-film-frosch-und-kroete\/","title":{"rendered":"Neuer Film: Frosch und Kr\u00f6te"},"content":{"rendered":"<p>Unser Kamerateam war f\u00fcr Sie unterwegs an B\u00e4chen, Teichen, T\u00fcmpeln und auf Wiesen. Lautes Quaken war st\u00e4ndiger Begleiter.<!--more--> Herausgekommen ist der neue Schulfilm Frosch und Kr\u00f6te, der Sch\u00fclerinnen und Sch\u00fclern den Unterschied zwischen Fr\u00f6schen (zarter K\u00f6rperbau) und Kr\u00f6ten (gedrungener K\u00f6rper) erkl\u00e4rt und deren Lebensraum und Lebensweise vorstellt. Umfassendes Begleitmaterial erlaubt eine unmittelbare Verwendung im Sachkunde- oder Biologieunterricht. Die spektakul\u00e4ren Aufnahmen laden ein, einmal genauer hinzusehen und Fr\u00f6sche und Kr\u00f6ten in der unmittelbaren Umgebung zu entdecken.<\/p>\n","protected":false},"excerpt":{"rendered":"<p>Unser Kamerateam war f\u00fcr Sie unterwegs an B\u00e4chen, Teichen, T\u00fcmpeln und auf Wiesen. Lautes Quaken war st\u00e4ndiger Begleiter.<\/p>\n","protected":false},"author":2,"featured_media":21962,"comment_status":"open","ping_status":"closed","sticky":false,"template":"","format":"standard","meta":{"_acf_changed":false,"footnotes":""},"categories":[171],"tags":[],"class_list":["post-21980","post","type-post","status-publish","format-standard","has-post-thumbnail","hentry","category-schulfilm"],"acf":[],"_links":{"self":[{"href":"https:\/\/www.medienlb.com\/en\/wp-json\/wp\/v2\/posts\/21980","targetHints":{"allow":["GET"]}}],"collection":[{"href":"https:\/\/www.medienlb.com\/en\/wp-json\/wp\/v2\/posts"}],"about":[{"href":"https:\/\/www.medienlb.com\/en\/wp-json\/wp\/v2\/types\/post"}],"author":[{"embeddable":true,"href":"https:\/\/www.medienlb.com\/en\/wp-json\/wp\/v2\/users\/2"}],"replies":[{"embeddable":true,"href":"https:\/\/www.medienlb.com\/en\/wp-json\/wp\/v2\/comments?post=21980"}],"version-history":[{"count":3,"href":"https:\/\/www.medienlb.com\/en\/wp-json\/wp\/v2\/posts\/21980\/revisions"}],"predecessor-version":[{"id":22010,"href":"https:\/\/www.medienlb.com\/en\/wp-json\/wp\/v2\/posts\/21980\/revisions\/22010"}],"wp:featuredmedia":[{"embeddable":true,"href":"https:\/\/www.medienlb.com\/en\/wp-json\/wp\/v2\/media\/21962"}],"wp:attachment":[{"href":"https:\/\/www.medienlb.com\/en\/wp-json\/wp\/v2\/media?parent=21980"}],"wp:term":[{"taxonomy":"category","embeddable":true,"href":"https:\/\/www.medienlb.com\/en\/wp-json\/wp\/v2\/categories?post=21980"},{"taxonomy":"post_tag","embeddable":true,"href":"https:\/\/www.medienlb.com\/en\/wp-json\/wp\/v2\/tags?post=21980"}],"curies":[{"name":"wp","href":"https:\/\/api.w.org\/{rel}","templated":true}]}}